{"id":14900,"date":"2025-01-11T23:09:21","date_gmt":"2025-01-11T22:09:21","guid":{"rendered":"https:\/\/nolite-timere.de\/netzwerk\/?p=14900"},"modified":"2025-01-11T23:09:21","modified_gmt":"2025-01-11T22:09:21","slug":"tagungsraum-alte-kaffeeroesterei","status":"publish","type":"post","link":"https:\/\/cellecreativ.de\/cowork\/tagungsraum-alte-kaffeeroesterei\/","title":{"rendered":"Tagungsraum \u201eAlte Kaffeer\u00f6sterei\u201c"},"content":{"rendered":"<p><strong>Workshops, Seminare, Gespr\u00e4chsrunden \u2013 unser Tagungsraum f\u00fcr Eure Projekte<\/strong><\/p>\n<p>Seinen Namen verdankt der 26 Quadratmeter gro\u00dfe Raum der unmittelbaren Nachbarschaft zur Celler Traditionsr\u00f6sterei \u201eHuth\u2019s Kaffee\u201c: Wenn dort die R\u00f6stmaschine angeworfen wird, legt sich minutenlang ein milder Bohnenduft \u00fcber den gesamten S\u00fcdwall. Den daraus entstehenden Kaffeedurst k\u00f6nnt Ihr in unserer Gemeinschaftsk\u00fcche stillen oder ein individuell mit uns abgestimmtes Catering dazu buchen.<br \/>\nDas alles bietet unser Tagungsraum:<\/p>\n<ul>\n<li>Internet-Zugang mit 500 Mbit Glaserfaser<\/li>\n<li>65\u201c-Display, Moderationskoffer, Videokonferenztechnik und Flipchart<\/li>\n<li>Arbeitspl\u00e4tze f\u00fcr 6-10 Personen (26m2)<\/li>\n<li>insgesamt geeignet f\u00fcr Veranstaltungen mit bis zu 14 Personen<\/li>\n<li>professionelles Catering nach Absprache<\/li>\n<li>25\u20ac pro Stunde \/ 200\u20ac pro Tag<\/li>\n<\/ul>\n<p>&nbsp;<br \/>\nF\u00fcr Anfragen zur Verf\u00fcgbarkeit schreibt bitte eine Mail an <a href=\"mailto:info@netzwerkcelle.de\">info@netzwerkcelle.de<\/a><br \/>\nOder ruf uns einfach an: 0176 559 656 13<\/p>\n","protected":false},"excerpt":{"rendered":"<p>Workshops, Seminare, Gespr\u00e4chsrunden \u2013 unser Tagungsraum f\u00fcr Eure Projekte Seinen Namen verdankt der 26 Quadratmeter gro\u00dfe Raum der unmittelbaren Nachbarschaft zur Celler Traditionsr\u00f6sterei \u201eHuth\u2019s Kaffee\u201c: Wenn dort die R\u00f6stmaschine angeworfen wird, legt sich minutenlang ein milder Bohnenduft \u00fcber den gesamten S\u00fcdwall. Den daraus entstehenden Kaffeedurst k\u00f6nnt Ihr in unserer Gemeinschaftsk\u00fcche stillen oder ein individuell mit [&hellip;]<\/p>\n","protected":false},"author":1,"featured_media":537,"comment_status":"open","ping_status":"open","sticky":false,"template":"","format":"standard","meta":{"footnotes":""},"categories":[1,6],"tags":[],"class_list":["post-14900","post","type-post","status-publish","format-standard","has-post-thumbnail","hentry","category-allgemein","category-konferenzraum","entry"],"yoast_head":"<!-- This site is optimized with the Yoast SEO plugin v27.5 - https:\/\/yoast.com\/product\/yoast-seo-wordpress\/ -->\n<title>Tagungsraum \u201eAlte Kaffeer\u00f6sterei\u201c - CoWorking<\/title>\n<meta name=\"robots\" content=\"index, follow, max-snippet:-1, max-image-preview:large, max-video-preview:-1\" \/>\n<link rel=\"canonical\" href=\"https:\/\/cellecreativ.de\/cowork\/tagungsraum-alte-kaffeeroesterei\/\" \/>\n<meta property=\"og:locale\" content=\"de_DE\" \/>\n<meta property=\"og:type\" content=\"article\" \/>\n<meta property=\"og:title\" content=\"Tagungsraum \u201eAlte Kaffeer\u00f6sterei\u201c - CoWorking\" \/>\n<meta property=\"og:description\" content=\"Workshops, Seminare, Gespr\u00e4chsrunden \u2013 unser Tagungsraum f\u00fcr Eure Projekte Seinen Namen verdankt der 26 Quadratmeter gro\u00dfe Raum der unmittelbaren Nachbarschaft zur Celler Traditionsr\u00f6sterei \u201eHuth\u2019s Kaffee\u201c: Wenn dort die R\u00f6stmaschine angeworfen wird, legt sich minutenlang ein milder Bohnenduft \u00fcber den gesamten S\u00fcdwall. Den daraus entstehenden Kaffeedurst k\u00f6nnt Ihr in unserer Gemeinschaftsk\u00fcche stillen oder ein individuell mit [&hellip;]\" \/>\n<meta property=\"og:url\" content=\"https:\/\/cellecreativ.de\/cowork\/tagungsraum-alte-kaffeeroesterei\/\" \/>\n<meta property=\"og:site_name\" content=\"CoWorking\" \/>\n<meta property=\"article:published_time\" content=\"2025-01-11T22:09:21+00:00\" \/>\n<meta property=\"og:image\" content=\"https:\/\/cellecreativ.de\/cowork\/wp-content\/uploads\/sites\/5\/2022\/03\/Suedwall-25-29221-Celle-Germany_01.jpg\" \/>\n\t<meta property=\"og:image:width\" content=\"1400\" \/>\n\t<meta property=\"og:image:height\" content=\"933\" \/>\n\t<meta property=\"og:image:type\" content=\"image\/jpeg\" \/>\n<meta name=\"author\" content=\"s-o.berdin@hotmail.de\" \/>\n<meta name=\"twitter:card\" content=\"summary_large_image\" \/>\n<meta name=\"twitter:label1\" content=\"Verfasst von\" \/>\n\t<meta name=\"twitter:data1\" content=\"s-o.berdin@hotmail.de\" \/>\n\t<meta name=\"twitter:label2\" content=\"Gesch\u00e4tzte Lesezeit\" \/>\n\t<meta name=\"twitter:data2\" content=\"1\u00a0Minute\" \/>\n<script type=\"application\/ld+json\" class=\"yoast-schema-graph\">{\"@context\":\"https:\\\/\\\/schema.org\",\"@graph\":[{\"@type\":\"Article\",\"@id\":\"https:\\\/\\\/cellecreativ.de\\\/cowork\\\/tagungsraum-alte-kaffeeroesterei\\\/#article\",\"isPartOf\":{\"@id\":\"https:\\\/\\\/cellecreativ.de\\\/cowork\\\/tagungsraum-alte-kaffeeroesterei\\\/\"},\"author\":{\"name\":\"s-o.berdin@hotmail.de\",\"@id\":\"https:\\\/\\\/cellecreativ.de\\\/cowork\\\/#\\\/schema\\\/person\\\/14b8e08283e4b1a1279cfc69e322da59\"},\"headline\":\"Tagungsraum \u201eAlte Kaffeer\u00f6sterei\u201c\",\"datePublished\":\"2025-01-11T22:09:21+00:00\",\"mainEntityOfPage\":{\"@id\":\"https:\\\/\\\/cellecreativ.de\\\/cowork\\\/tagungsraum-alte-kaffeeroesterei\\\/\"},\"wordCount\":129,\"commentCount\":0,\"image\":{\"@id\":\"https:\\\/\\\/cellecreativ.de\\\/cowork\\\/tagungsraum-alte-kaffeeroesterei\\\/#primaryimage\"},\"thumbnailUrl\":\"https:\\\/\\\/cellecreativ.de\\\/cowork\\\/wp-content\\\/uploads\\\/sites\\\/5\\\/2022\\\/03\\\/Suedwall-25-29221-Celle-Germany_01.jpg\",\"articleSection\":{\"1\":\"konferenzraum\"},\"inLanguage\":\"de\",\"potentialAction\":[{\"@type\":\"CommentAction\",\"name\":\"Comment\",\"target\":[\"https:\\\/\\\/cellecreativ.de\\\/cowork\\\/tagungsraum-alte-kaffeeroesterei\\\/#respond\"]}]},{\"@type\":\"WebPage\",\"@id\":\"https:\\\/\\\/cellecreativ.de\\\/cowork\\\/tagungsraum-alte-kaffeeroesterei\\\/\",\"url\":\"https:\\\/\\\/cellecreativ.de\\\/cowork\\\/tagungsraum-alte-kaffeeroesterei\\\/\",\"name\":\"Tagungsraum \u201eAlte Kaffeer\u00f6sterei\u201c - CoWorking\",\"isPartOf\":{\"@id\":\"https:\\\/\\\/cellecreativ.de\\\/cowork\\\/#website\"},\"primaryImageOfPage\":{\"@id\":\"https:\\\/\\\/cellecreativ.de\\\/cowork\\\/tagungsraum-alte-kaffeeroesterei\\\/#primaryimage\"},\"image\":{\"@id\":\"https:\\\/\\\/cellecreativ.de\\\/cowork\\\/tagungsraum-alte-kaffeeroesterei\\\/#primaryimage\"},\"thumbnailUrl\":\"https:\\\/\\\/cellecreativ.de\\\/cowork\\\/wp-content\\\/uploads\\\/sites\\\/5\\\/2022\\\/03\\\/Suedwall-25-29221-Celle-Germany_01.jpg\",\"datePublished\":\"2025-01-11T22:09:21+00:00\",\"author\":{\"@id\":\"https:\\\/\\\/cellecreativ.de\\\/cowork\\\/#\\\/schema\\\/person\\\/14b8e08283e4b1a1279cfc69e322da59\"},\"breadcrumb\":{\"@id\":\"https:\\\/\\\/cellecreativ.de\\\/cowork\\\/tagungsraum-alte-kaffeeroesterei\\\/#breadcrumb\"},\"inLanguage\":\"de\",\"potentialAction\":[{\"@type\":\"ReadAction\",\"target\":[\"https:\\\/\\\/cellecreativ.de\\\/cowork\\\/tagungsraum-alte-kaffeeroesterei\\\/\"]}]},{\"@type\":\"ImageObject\",\"inLanguage\":\"de\",\"@id\":\"https:\\\/\\\/cellecreativ.de\\\/cowork\\\/tagungsraum-alte-kaffeeroesterei\\\/#primaryimage\",\"url\":\"https:\\\/\\\/cellecreativ.de\\\/cowork\\\/wp-content\\\/uploads\\\/sites\\\/5\\\/2022\\\/03\\\/Suedwall-25-29221-Celle-Germany_01.jpg\",\"contentUrl\":\"https:\\\/\\\/cellecreativ.de\\\/cowork\\\/wp-content\\\/uploads\\\/sites\\\/5\\\/2022\\\/03\\\/Suedwall-25-29221-Celle-Germany_01.jpg\",\"width\":1400,\"height\":933},{\"@type\":\"BreadcrumbList\",\"@id\":\"https:\\\/\\\/cellecreativ.de\\\/cowork\\\/tagungsraum-alte-kaffeeroesterei\\\/#breadcrumb\",\"itemListElement\":[{\"@type\":\"ListItem\",\"position\":1,\"name\":\"Startseite\",\"item\":\"https:\\\/\\\/cellecreativ.de\\\/cowork\\\/\"},{\"@type\":\"ListItem\",\"position\":2,\"name\":\"Tagungsraum \u201eAlte Kaffeer\u00f6sterei\u201c\"}]},{\"@type\":\"WebSite\",\"@id\":\"https:\\\/\\\/cellecreativ.de\\\/cowork\\\/#website\",\"url\":\"https:\\\/\\\/cellecreativ.de\\\/cowork\\\/\",\"name\":\"CoWorking\",\"description\":\"\",\"potentialAction\":[{\"@type\":\"SearchAction\",\"target\":{\"@type\":\"EntryPoint\",\"urlTemplate\":\"https:\\\/\\\/cellecreativ.de\\\/cowork\\\/?s={search_term_string}\"},\"query-input\":{\"@type\":\"PropertyValueSpecification\",\"valueRequired\":true,\"valueName\":\"search_term_string\"}}],\"inLanguage\":\"de\"},{\"@type\":\"Person\",\"@id\":\"https:\\\/\\\/cellecreativ.de\\\/cowork\\\/#\\\/schema\\\/person\\\/14b8e08283e4b1a1279cfc69e322da59\",\"name\":\"s-o.berdin@hotmail.de\",\"image\":{\"@type\":\"ImageObject\",\"inLanguage\":\"de\",\"@id\":\"https:\\\/\\\/secure.gravatar.com\\\/avatar\\\/947bd280daae5358acccdeaaf0970a4181d044a4dc2aa7f393654ae54c82e8fe?s=96&d=mm&r=g\",\"url\":\"https:\\\/\\\/secure.gravatar.com\\\/avatar\\\/947bd280daae5358acccdeaaf0970a4181d044a4dc2aa7f393654ae54c82e8fe?s=96&d=mm&r=g\",\"contentUrl\":\"https:\\\/\\\/secure.gravatar.com\\\/avatar\\\/947bd280daae5358acccdeaaf0970a4181d044a4dc2aa7f393654ae54c82e8fe?s=96&d=mm&r=g\",\"caption\":\"s-o.berdin@hotmail.de\"},\"sameAs\":[\"https:\\\/\\\/cellecreativ.de\"],\"url\":\"https:\\\/\\\/cellecreativ.de\\\/cowork\\\/author\\\/s-o-berdinhotmail-de\\\/\"}]}<\/script>\n<!-- \/ Yoast SEO plugin. -->","yoast_head_json":{"title":"Tagungsraum \u201eAlte Kaffeer\u00f6sterei\u201c - CoWorking","robots":{"index":"index","follow":"follow","max-snippet":"max-snippet:-1","max-image-preview":"max-image-preview:large","max-video-preview":"max-video-preview:-1"},"canonical":"https:\/\/cellecreativ.de\/cowork\/tagungsraum-alte-kaffeeroesterei\/","og_locale":"de_DE","og_type":"article","og_title":"Tagungsraum \u201eAlte Kaffeer\u00f6sterei\u201c - CoWorking","og_description":"Workshops, Seminare, Gespr\u00e4chsrunden \u2013 unser Tagungsraum f\u00fcr Eure Projekte Seinen Namen verdankt der 26 Quadratmeter gro\u00dfe Raum der unmittelbaren Nachbarschaft zur Celler Traditionsr\u00f6sterei \u201eHuth\u2019s Kaffee\u201c: Wenn dort die R\u00f6stmaschine angeworfen wird, legt sich minutenlang ein milder Bohnenduft \u00fcber den gesamten S\u00fcdwall. Den daraus entstehenden Kaffeedurst k\u00f6nnt Ihr in unserer Gemeinschaftsk\u00fcche stillen oder ein individuell mit [&hellip;]","og_url":"https:\/\/cellecreativ.de\/cowork\/tagungsraum-alte-kaffeeroesterei\/","og_site_name":"CoWorking","article_published_time":"2025-01-11T22:09:21+00:00","og_image":[{"width":1400,"height":933,"url":"https:\/\/cellecreativ.de\/cowork\/wp-content\/uploads\/sites\/5\/2022\/03\/Suedwall-25-29221-Celle-Germany_01.jpg","type":"image\/jpeg"}],"author":"s-o.berdin@hotmail.de","twitter_card":"summary_large_image","twitter_misc":{"Verfasst von":"s-o.berdin@hotmail.de","Gesch\u00e4tzte Lesezeit":"1\u00a0Minute"},"schema":{"@context":"https:\/\/schema.org","@graph":[{"@type":"Article","@id":"https:\/\/cellecreativ.de\/cowork\/tagungsraum-alte-kaffeeroesterei\/#article","isPartOf":{"@id":"https:\/\/cellecreativ.de\/cowork\/tagungsraum-alte-kaffeeroesterei\/"},"author":{"name":"s-o.berdin@hotmail.de","@id":"https:\/\/cellecreativ.de\/cowork\/#\/schema\/person\/14b8e08283e4b1a1279cfc69e322da59"},"headline":"Tagungsraum \u201eAlte Kaffeer\u00f6sterei\u201c","datePublished":"2025-01-11T22:09:21+00:00","mainEntityOfPage":{"@id":"https:\/\/cellecreativ.de\/cowork\/tagungsraum-alte-kaffeeroesterei\/"},"wordCount":129,"commentCount":0,"image":{"@id":"https:\/\/cellecreativ.de\/cowork\/tagungsraum-alte-kaffeeroesterei\/#primaryimage"},"thumbnailUrl":"https:\/\/cellecreativ.de\/cowork\/wp-content\/uploads\/sites\/5\/2022\/03\/Suedwall-25-29221-Celle-Germany_01.jpg","articleSection":{"1":"konferenzraum"},"inLanguage":"de","potentialAction":[{"@type":"CommentAction","name":"Comment","target":["https:\/\/cellecreativ.de\/cowork\/tagungsraum-alte-kaffeeroesterei\/#respond"]}]},{"@type":"WebPage","@id":"https:\/\/cellecreativ.de\/cowork\/tagungsraum-alte-kaffeeroesterei\/","url":"https:\/\/cellecreativ.de\/cowork\/tagungsraum-alte-kaffeeroesterei\/","name":"Tagungsraum \u201eAlte Kaffeer\u00f6sterei\u201c - CoWorking","isPartOf":{"@id":"https:\/\/cellecreativ.de\/cowork\/#website"},"primaryImageOfPage":{"@id":"https:\/\/cellecreativ.de\/cowork\/tagungsraum-alte-kaffeeroesterei\/#primaryimage"},"image":{"@id":"https:\/\/cellecreativ.de\/cowork\/tagungsraum-alte-kaffeeroesterei\/#primaryimage"},"thumbnailUrl":"https:\/\/cellecreativ.de\/cowork\/wp-content\/uploads\/sites\/5\/2022\/03\/Suedwall-25-29221-Celle-Germany_01.jpg","datePublished":"2025-01-11T22:09:21+00:00","author":{"@id":"https:\/\/cellecreativ.de\/cowork\/#\/schema\/person\/14b8e08283e4b1a1279cfc69e322da59"},"breadcrumb":{"@id":"https:\/\/cellecreativ.de\/cowork\/tagungsraum-alte-kaffeeroesterei\/#breadcrumb"},"inLanguage":"de","potentialAction":[{"@type":"ReadAction","target":["https:\/\/cellecreativ.de\/cowork\/tagungsraum-alte-kaffeeroesterei\/"]}]},{"@type":"ImageObject","inLanguage":"de","@id":"https:\/\/cellecreativ.de\/cowork\/tagungsraum-alte-kaffeeroesterei\/#primaryimage","url":"https:\/\/cellecreativ.de\/cowork\/wp-content\/uploads\/sites\/5\/2022\/03\/Suedwall-25-29221-Celle-Germany_01.jpg","contentUrl":"https:\/\/cellecreativ.de\/cowork\/wp-content\/uploads\/sites\/5\/2022\/03\/Suedwall-25-29221-Celle-Germany_01.jpg","width":1400,"height":933},{"@type":"BreadcrumbList","@id":"https:\/\/cellecreativ.de\/cowork\/tagungsraum-alte-kaffeeroesterei\/#breadcrumb","itemListElement":[{"@type":"ListItem","position":1,"name":"Startseite","item":"https:\/\/cellecreativ.de\/cowork\/"},{"@type":"ListItem","position":2,"name":"Tagungsraum \u201eAlte Kaffeer\u00f6sterei\u201c"}]},{"@type":"WebSite","@id":"https:\/\/cellecreativ.de\/cowork\/#website","url":"https:\/\/cellecreativ.de\/cowork\/","name":"CoWorking","description":"","potentialAction":[{"@type":"SearchAction","target":{"@type":"EntryPoint","urlTemplate":"https:\/\/cellecreativ.de\/cowork\/?s={search_term_string}"},"query-input":{"@type":"PropertyValueSpecification","valueRequired":true,"valueName":"search_term_string"}}],"inLanguage":"de"},{"@type":"Person","@id":"https:\/\/cellecreativ.de\/cowork\/#\/schema\/person\/14b8e08283e4b1a1279cfc69e322da59","name":"s-o.berdin@hotmail.de","image":{"@type":"ImageObject","inLanguage":"de","@id":"https:\/\/secure.gravatar.com\/avatar\/947bd280daae5358acccdeaaf0970a4181d044a4dc2aa7f393654ae54c82e8fe?s=96&d=mm&r=g","url":"https:\/\/secure.gravatar.com\/avatar\/947bd280daae5358acccdeaaf0970a4181d044a4dc2aa7f393654ae54c82e8fe?s=96&d=mm&r=g","contentUrl":"https:\/\/secure.gravatar.com\/avatar\/947bd280daae5358acccdeaaf0970a4181d044a4dc2aa7f393654ae54c82e8fe?s=96&d=mm&r=g","caption":"s-o.berdin@hotmail.de"},"sameAs":["https:\/\/cellecreativ.de"],"url":"https:\/\/cellecreativ.de\/cowork\/author\/s-o-berdinhotmail-de\/"}]}},"_links":{"self":[{"href":"https:\/\/cellecreativ.de\/cowork\/wp-json\/wp\/v2\/posts\/14900","targetHints":{"allow":["GET"]}}],"collection":[{"href":"https:\/\/cellecreativ.de\/cowork\/wp-json\/wp\/v2\/posts"}],"about":[{"href":"https:\/\/cellecreativ.de\/cowork\/wp-json\/wp\/v2\/types\/post"}],"author":[{"embeddable":true,"href":"https:\/\/cellecreativ.de\/cowork\/wp-json\/wp\/v2\/users\/1"}],"replies":[{"embeddable":true,"href":"https:\/\/cellecreativ.de\/cowork\/wp-json\/wp\/v2\/comments?post=14900"}],"version-history":[{"count":0,"href":"https:\/\/cellecreativ.de\/cowork\/wp-json\/wp\/v2\/posts\/14900\/revisions"}],"wp:featuredmedia":[{"embeddable":true,"href":"https:\/\/cellecreativ.de\/cowork\/wp-json\/wp\/v2\/media\/537"}],"wp:attachment":[{"href":"https:\/\/cellecreativ.de\/cowork\/wp-json\/wp\/v2\/media?parent=14900"}],"wp:term":[{"taxonomy":"category","embeddable":true,"href":"https:\/\/cellecreativ.de\/cowork\/wp-json\/wp\/v2\/categories?post=14900"},{"taxonomy":"post_tag","embeddable":true,"href":"https:\/\/cellecreativ.de\/cowork\/wp-json\/wp\/v2\/tags?post=14900"}],"curies":[{"name":"wp","href":"https:\/\/api.w.org\/{rel}","templated":true}]}}