{"id":14906,"date":"2025-01-11T23:11:42","date_gmt":"2025-01-11T22:11:42","guid":{"rendered":"https:\/\/nolite-timere.de\/netzwerk\/?p=14906"},"modified":"2025-01-11T23:11:42","modified_gmt":"2025-01-11T22:11:42","slug":"coworking-in-stadt-und-landkreis-celle","status":"publish","type":"post","link":"https:\/\/cellecreativ.de\/cowork\/coworking-in-stadt-und-landkreis-celle\/","title":{"rendered":"Coworking in Stadt und Landkreis Celle"},"content":{"rendered":"<h4 style=\"text-align: center\">Frei. Flexibel. F\u00fcreinander da.<\/h4>\n<p>&nbsp;<\/p>\n<p style=\"text-align: center\">Wir lieben, was wir tun.<br \/>\nUnd weil das so ist, haben wir R\u00e4ume geschaffen, die modernes Arbeiten erm\u00f6glichen. An unserem Coworking-Standort in Celle bieten wir Platz f\u00fcr Austausch, Veranstaltungen und das Umsetzen guter Ideen.<\/p>\n<p style=\"text-align: center\">Wir sind das <strong>#netzwerk<\/strong>. Kommt und lernt uns kennen!<\/p>\n","protected":false},"excerpt":{"rendered":"<p>Frei. Flexibel. F\u00fcreinander da. &nbsp; Wir lieben, was wir tun. Und weil das so ist, haben wir R\u00e4ume geschaffen, die modernes Arbeiten erm\u00f6glichen. An unserem Coworking-Standort in Celle bieten wir Platz f\u00fcr Austausch, Veranstaltungen und das Umsetzen guter Ideen. Wir sind das #netzwerk. Kommt und lernt uns kennen!<\/p>\n","protected":false},"author":1,"featured_media":0,"comment_status":"open","ping_status":"open","sticky":false,"template":"","format":"standard","meta":{"footnotes":""},"categories":[1],"tags":[],"class_list":["post-14906","post","type-post","status-publish","format-standard","hentry","category-allgemein","entry"],"yoast_head":"<!-- This site is optimized with the Yoast SEO plugin v27.5 - https:\/\/yoast.com\/product\/yoast-seo-wordpress\/ -->\n<title>Coworking in Stadt und Landkreis Celle - CoWorking<\/title>\n<meta name=\"robots\" content=\"index, follow, max-snippet:-1, max-image-preview:large, max-video-preview:-1\" \/>\n<link rel=\"canonical\" href=\"https:\/\/cellecreativ.de\/cowork\/coworking-in-stadt-und-landkreis-celle\/\" \/>\n<meta property=\"og:locale\" content=\"de_DE\" \/>\n<meta property=\"og:type\" content=\"article\" \/>\n<meta property=\"og:title\" content=\"Coworking in Stadt und Landkreis Celle - CoWorking\" \/>\n<meta property=\"og:description\" content=\"Frei. Flexibel. F\u00fcreinander da. &nbsp; Wir lieben, was wir tun. Und weil das so ist, haben wir R\u00e4ume geschaffen, die modernes Arbeiten erm\u00f6glichen. An unserem Coworking-Standort in Celle bieten wir Platz f\u00fcr Austausch, Veranstaltungen und das Umsetzen guter Ideen. Wir sind das #netzwerk. Kommt und lernt uns kennen!\" \/>\n<meta property=\"og:url\" content=\"https:\/\/cellecreativ.de\/cowork\/coworking-in-stadt-und-landkreis-celle\/\" \/>\n<meta property=\"og:site_name\" content=\"CoWorking\" \/>\n<meta property=\"article:published_time\" content=\"2025-01-11T22:11:42+00:00\" \/>\n<meta name=\"author\" content=\"s-o.berdin@hotmail.de\" \/>\n<meta name=\"twitter:card\" content=\"summary_large_image\" \/>\n<meta name=\"twitter:label1\" content=\"Verfasst von\" \/>\n\t<meta name=\"twitter:data1\" content=\"s-o.berdin@hotmail.de\" \/>\n<script type=\"application\/ld+json\" class=\"yoast-schema-graph\">{\"@context\":\"https:\\\/\\\/schema.org\",\"@graph\":[{\"@type\":\"Article\",\"@id\":\"https:\\\/\\\/cellecreativ.de\\\/cowork\\\/coworking-in-stadt-und-landkreis-celle\\\/#article\",\"isPartOf\":{\"@id\":\"https:\\\/\\\/cellecreativ.de\\\/cowork\\\/coworking-in-stadt-und-landkreis-celle\\\/\"},\"author\":{\"name\":\"s-o.berdin@hotmail.de\",\"@id\":\"https:\\\/\\\/cellecreativ.de\\\/cowork\\\/#\\\/schema\\\/person\\\/14b8e08283e4b1a1279cfc69e322da59\"},\"headline\":\"Coworking in Stadt und Landkreis Celle\",\"datePublished\":\"2025-01-11T22:11:42+00:00\",\"mainEntityOfPage\":{\"@id\":\"https:\\\/\\\/cellecreativ.de\\\/cowork\\\/coworking-in-stadt-und-landkreis-celle\\\/\"},\"wordCount\":58,\"commentCount\":0,\"inLanguage\":\"de\",\"potentialAction\":[{\"@type\":\"CommentAction\",\"name\":\"Comment\",\"target\":[\"https:\\\/\\\/cellecreativ.de\\\/cowork\\\/coworking-in-stadt-und-landkreis-celle\\\/#respond\"]}]},{\"@type\":\"WebPage\",\"@id\":\"https:\\\/\\\/cellecreativ.de\\\/cowork\\\/coworking-in-stadt-und-landkreis-celle\\\/\",\"url\":\"https:\\\/\\\/cellecreativ.de\\\/cowork\\\/coworking-in-stadt-und-landkreis-celle\\\/\",\"name\":\"Coworking in Stadt und Landkreis Celle - CoWorking\",\"isPartOf\":{\"@id\":\"https:\\\/\\\/cellecreativ.de\\\/cowork\\\/#website\"},\"datePublished\":\"2025-01-11T22:11:42+00:00\",\"author\":{\"@id\":\"https:\\\/\\\/cellecreativ.de\\\/cowork\\\/#\\\/schema\\\/person\\\/14b8e08283e4b1a1279cfc69e322da59\"},\"breadcrumb\":{\"@id\":\"https:\\\/\\\/cellecreativ.de\\\/cowork\\\/coworking-in-stadt-und-landkreis-celle\\\/#breadcrumb\"},\"inLanguage\":\"de\",\"potentialAction\":[{\"@type\":\"ReadAction\",\"target\":[\"https:\\\/\\\/cellecreativ.de\\\/cowork\\\/coworking-in-stadt-und-landkreis-celle\\\/\"]}]},{\"@type\":\"BreadcrumbList\",\"@id\":\"https:\\\/\\\/cellecreativ.de\\\/cowork\\\/coworking-in-stadt-und-landkreis-celle\\\/#breadcrumb\",\"itemListElement\":[{\"@type\":\"ListItem\",\"position\":1,\"name\":\"Startseite\",\"item\":\"https:\\\/\\\/cellecreativ.de\\\/cowork\\\/\"},{\"@type\":\"ListItem\",\"position\":2,\"name\":\"Coworking in Stadt und Landkreis Celle\"}]},{\"@type\":\"WebSite\",\"@id\":\"https:\\\/\\\/cellecreativ.de\\\/cowork\\\/#website\",\"url\":\"https:\\\/\\\/cellecreativ.de\\\/cowork\\\/\",\"name\":\"CoWorking\",\"description\":\"\",\"potentialAction\":[{\"@type\":\"SearchAction\",\"target\":{\"@type\":\"EntryPoint\",\"urlTemplate\":\"https:\\\/\\\/cellecreativ.de\\\/cowork\\\/?s={search_term_string}\"},\"query-input\":{\"@type\":\"PropertyValueSpecification\",\"valueRequired\":true,\"valueName\":\"search_term_string\"}}],\"inLanguage\":\"de\"},{\"@type\":\"Person\",\"@id\":\"https:\\\/\\\/cellecreativ.de\\\/cowork\\\/#\\\/schema\\\/person\\\/14b8e08283e4b1a1279cfc69e322da59\",\"name\":\"s-o.berdin@hotmail.de\",\"image\":{\"@type\":\"ImageObject\",\"inLanguage\":\"de\",\"@id\":\"https:\\\/\\\/secure.gravatar.com\\\/avatar\\\/947bd280daae5358acccdeaaf0970a4181d044a4dc2aa7f393654ae54c82e8fe?s=96&d=mm&r=g\",\"url\":\"https:\\\/\\\/secure.gravatar.com\\\/avatar\\\/947bd280daae5358acccdeaaf0970a4181d044a4dc2aa7f393654ae54c82e8fe?s=96&d=mm&r=g\",\"contentUrl\":\"https:\\\/\\\/secure.gravatar.com\\\/avatar\\\/947bd280daae5358acccdeaaf0970a4181d044a4dc2aa7f393654ae54c82e8fe?s=96&d=mm&r=g\",\"caption\":\"s-o.berdin@hotmail.de\"},\"sameAs\":[\"https:\\\/\\\/cellecreativ.de\"],\"url\":\"https:\\\/\\\/cellecreativ.de\\\/cowork\\\/author\\\/s-o-berdinhotmail-de\\\/\"}]}<\/script>\n<!-- \/ Yoast SEO plugin. -->","yoast_head_json":{"title":"Coworking in Stadt und Landkreis Celle - CoWorking","robots":{"index":"index","follow":"follow","max-snippet":"max-snippet:-1","max-image-preview":"max-image-preview:large","max-video-preview":"max-video-preview:-1"},"canonical":"https:\/\/cellecreativ.de\/cowork\/coworking-in-stadt-und-landkreis-celle\/","og_locale":"de_DE","og_type":"article","og_title":"Coworking in Stadt und Landkreis Celle - CoWorking","og_description":"Frei. Flexibel. F\u00fcreinander da. &nbsp; Wir lieben, was wir tun. Und weil das so ist, haben wir R\u00e4ume geschaffen, die modernes Arbeiten erm\u00f6glichen. An unserem Coworking-Standort in Celle bieten wir Platz f\u00fcr Austausch, Veranstaltungen und das Umsetzen guter Ideen. Wir sind das #netzwerk. Kommt und lernt uns kennen!","og_url":"https:\/\/cellecreativ.de\/cowork\/coworking-in-stadt-und-landkreis-celle\/","og_site_name":"CoWorking","article_published_time":"2025-01-11T22:11:42+00:00","author":"s-o.berdin@hotmail.de","twitter_card":"summary_large_image","twitter_misc":{"Verfasst von":"s-o.berdin@hotmail.de"},"schema":{"@context":"https:\/\/schema.org","@graph":[{"@type":"Article","@id":"https:\/\/cellecreativ.de\/cowork\/coworking-in-stadt-und-landkreis-celle\/#article","isPartOf":{"@id":"https:\/\/cellecreativ.de\/cowork\/coworking-in-stadt-und-landkreis-celle\/"},"author":{"name":"s-o.berdin@hotmail.de","@id":"https:\/\/cellecreativ.de\/cowork\/#\/schema\/person\/14b8e08283e4b1a1279cfc69e322da59"},"headline":"Coworking in Stadt und Landkreis Celle","datePublished":"2025-01-11T22:11:42+00:00","mainEntityOfPage":{"@id":"https:\/\/cellecreativ.de\/cowork\/coworking-in-stadt-und-landkreis-celle\/"},"wordCount":58,"commentCount":0,"inLanguage":"de","potentialAction":[{"@type":"CommentAction","name":"Comment","target":["https:\/\/cellecreativ.de\/cowork\/coworking-in-stadt-und-landkreis-celle\/#respond"]}]},{"@type":"WebPage","@id":"https:\/\/cellecreativ.de\/cowork\/coworking-in-stadt-und-landkreis-celle\/","url":"https:\/\/cellecreativ.de\/cowork\/coworking-in-stadt-und-landkreis-celle\/","name":"Coworking in Stadt und Landkreis Celle - CoWorking","isPartOf":{"@id":"https:\/\/cellecreativ.de\/cowork\/#website"},"datePublished":"2025-01-11T22:11:42+00:00","author":{"@id":"https:\/\/cellecreativ.de\/cowork\/#\/schema\/person\/14b8e08283e4b1a1279cfc69e322da59"},"breadcrumb":{"@id":"https:\/\/cellecreativ.de\/cowork\/coworking-in-stadt-und-landkreis-celle\/#breadcrumb"},"inLanguage":"de","potentialAction":[{"@type":"ReadAction","target":["https:\/\/cellecreativ.de\/cowork\/coworking-in-stadt-und-landkreis-celle\/"]}]},{"@type":"BreadcrumbList","@id":"https:\/\/cellecreativ.de\/cowork\/coworking-in-stadt-und-landkreis-celle\/#breadcrumb","itemListElement":[{"@type":"ListItem","position":1,"name":"Startseite","item":"https:\/\/cellecreativ.de\/cowork\/"},{"@type":"ListItem","position":2,"name":"Coworking in Stadt und Landkreis Celle"}]},{"@type":"WebSite","@id":"https:\/\/cellecreativ.de\/cowork\/#website","url":"https:\/\/cellecreativ.de\/cowork\/","name":"CoWorking","description":"","potentialAction":[{"@type":"SearchAction","target":{"@type":"EntryPoint","urlTemplate":"https:\/\/cellecreativ.de\/cowork\/?s={search_term_string}"},"query-input":{"@type":"PropertyValueSpecification","valueRequired":true,"valueName":"search_term_string"}}],"inLanguage":"de"},{"@type":"Person","@id":"https:\/\/cellecreativ.de\/cowork\/#\/schema\/person\/14b8e08283e4b1a1279cfc69e322da59","name":"s-o.berdin@hotmail.de","image":{"@type":"ImageObject","inLanguage":"de","@id":"https:\/\/secure.gravatar.com\/avatar\/947bd280daae5358acccdeaaf0970a4181d044a4dc2aa7f393654ae54c82e8fe?s=96&d=mm&r=g","url":"https:\/\/secure.gravatar.com\/avatar\/947bd280daae5358acccdeaaf0970a4181d044a4dc2aa7f393654ae54c82e8fe?s=96&d=mm&r=g","contentUrl":"https:\/\/secure.gravatar.com\/avatar\/947bd280daae5358acccdeaaf0970a4181d044a4dc2aa7f393654ae54c82e8fe?s=96&d=mm&r=g","caption":"s-o.berdin@hotmail.de"},"sameAs":["https:\/\/cellecreativ.de"],"url":"https:\/\/cellecreativ.de\/cowork\/author\/s-o-berdinhotmail-de\/"}]}},"_links":{"self":[{"href":"https:\/\/cellecreativ.de\/cowork\/wp-json\/wp\/v2\/posts\/14906","targetHints":{"allow":["GET"]}}],"collection":[{"href":"https:\/\/cellecreativ.de\/cowork\/wp-json\/wp\/v2\/posts"}],"about":[{"href":"https:\/\/cellecreativ.de\/cowork\/wp-json\/wp\/v2\/types\/post"}],"author":[{"embeddable":true,"href":"https:\/\/cellecreativ.de\/cowork\/wp-json\/wp\/v2\/users\/1"}],"replies":[{"embeddable":true,"href":"https:\/\/cellecreativ.de\/cowork\/wp-json\/wp\/v2\/comments?post=14906"}],"version-history":[{"count":0,"href":"https:\/\/cellecreativ.de\/cowork\/wp-json\/wp\/v2\/posts\/14906\/revisions"}],"wp:attachment":[{"href":"https:\/\/cellecreativ.de\/cowork\/wp-json\/wp\/v2\/media?parent=14906"}],"wp:term":[{"taxonomy":"category","embeddable":true,"href":"https:\/\/cellecreativ.de\/cowork\/wp-json\/wp\/v2\/categories?post=14906"},{"taxonomy":"post_tag","embeddable":true,"href":"https:\/\/cellecreativ.de\/cowork\/wp-json\/wp\/v2\/tags?post=14906"}],"curies":[{"name":"wp","href":"https:\/\/api.w.org\/{rel}","templated":true}]}}